{"id":1176,"date":"2026-01-24T15:05:38","date_gmt":"2026-01-24T15:05:38","guid":{"rendered":"https:\/\/catapediatra.com\/?p=1176"},"modified":"2026-01-29T14:49:10","modified_gmt":"2026-01-29T14:49:10","slug":"neurodiversidad-en-medicina-como-avanzar-hacia-practicas-verdaderamente-inclusivas","status":"publish","type":"post","link":"https:\/\/catapediatra.com\/en\/neurodiversidad-en-medicina-como-avanzar-hacia-practicas-verdaderamente-inclusivas\/","title":{"rendered":"Neurodiversity in medicine: how to move toward truly inclusive practices"},"content":{"rendered":"<h1 class=\"wp-block-heading\">\u00bfQu\u00e9 es la neurodiversidad?<\/h1>\n\n\n\n<p class=\"wp-block-paragraph\">Neurodiversity is a perspective that recognizes that the human brain can function in diverse ways, and that these differences are a natural part of human variety\u2014not flaws or abnormalities that need to be \u201cfixed.\u201d<\/p>\n\n\n\n<p class=\"wp-block-paragraph\"><strong>Knowledge Hub<\/strong><\/p>\n\n\n\n<p class=\"wp-block-paragraph\">This approach does not deny that some people need support; what it proposes is to start from a position of respect, dignity, and inclusion, rather than from outright pathologization.<\/p>\n\n\n\n<hr class=\"wp-block-separator has-alpha-channel-opacity\"\/>\n\n\n\n<h1 class=\"wp-block-heading\">Why is this change in approach important?<\/h1>\n\n\n\n<p class=\"wp-block-paragraph\">In many clinical settings\u2014doctors' offices, hospitals, medical education\u2014a traditional biomedical approach is still observed, focused on \u201csymptoms\u201d and rigid diagnoses, without considering the real experiences of neurodivergent people.<\/p>\n\n\n\n<h2 class=\"wp-block-heading\">An inclusive approach involves:<\/h2>\n\n\n\n<ul class=\"wp-block-list\">\n<li>Listen to each person's subjective experiences.<\/li>\n\n\n\n<li>Assess strengths and challenges without stigmatizing.<\/li>\n\n\n\n<li>Integrate reasonable accommodations into medical care.<\/li>\n\n\n\n<li>Ensure that research also includes neurodivergent voices.<\/li>\n<\/ul>\n\n\n\n<p class=\"wp-block-paragraph\">This transformation is not only an ethical ideal, but also improves the quality of care and health outcomes for everyone.<\/p>\n\n\n\n<hr class=\"wp-block-separator has-alpha-channel-opacity\"\/>\n\n\n\n<h1 class=\"wp-block-heading\">Current challenges in clinical practice<\/h1>\n\n\n\n<p class=\"wp-block-paragraph\">Some of the challenges that persist in medicine are:<\/p>\n\n\n\n<ul class=\"wp-block-list\">\n<li>Communication barriers between patients and professionals.<\/li>\n\n\n\n<li>Stigmas and prejudices about what it means to be neurodivergent.<\/li>\n\n\n\n<li>Lack of medical training on neurological variations from an integrative perspective<\/li>\n<\/ul>\n\n\n\n<p class=\"wp-block-paragraph\">This can lead to care experiences that do not respect people's real needs, affecting their well-being.<\/p>\n\n\n\n<hr class=\"wp-block-separator has-alpha-channel-opacity\"\/>\n\n\n\n<h1 class=\"wp-block-heading\">How can we move toward inclusion?<\/h1>\n\n\n\n<p class=\"wp-block-paragraph\">Emerging perspectives highlight that:<\/p>\n\n\n\n<ul class=\"wp-block-list\">\n<li>Neurodiversity must reshape medical training to include content on neural diversity.<\/li>\n\n\n\n<li>Clinical practices should be individualized and person-centered, not just based on diagnostic manuals.<\/li>\n\n\n\n<li>Healthcare institutions should promote cultures that recognize and value differences, both among patients and within the healthcare team itself.<\/li>\n<\/ul>\n\n\n\n<p class=\"wp-block-paragraph\">For example, a professional with attention deficit hyperactivity disorder (ADHD) or autism could bring valuable perspectives to healthcare teams if the environment is designed to accommodate cognitive diversity.<\/p>\n\n\n\n<hr class=\"wp-block-separator has-alpha-channel-opacity\"\/>\n\n\n\n<h1 class=\"wp-block-heading\">Include neurodivergent voices<\/h1>\n\n\n\n<p class=\"wp-block-paragraph\">A key point that highlights neurodiversity is that those directly affected must be at the decision-making table:<\/p>\n\n\n\n<ul class=\"wp-block-list\">\n<li>In the education of health professionals<\/li>\n\n\n\n<li>In clinical research and public policy<\/li>\n\n\n\n<li>In the design of healthcare services<\/li>\n<\/ul>\n\n\n\n<p class=\"wp-block-paragraph\">This means moving from \u201ctalking about neurodivergent people\u201d to talking with them\u2014a fundamental step toward more inclusive and humane medicine.<\/p>\n\n\n\n<hr class=\"wp-block-separator has-alpha-channel-opacity\"\/>\n\n\n\n<h1 class=\"wp-block-heading\">Towards more humane care<\/h1>\n\n\n\n<p class=\"wp-block-paragraph\">Neurodiversity does not seek to deny the value of medicine, but rather to complement it with a perspective that:<\/p>\n\n\n\n<ul class=\"wp-block-list\">\n<li>Respect the diverse experiences of bodies and minds.<\/li>\n\n\n\n<li>Integrate scientific evidence with people's experiences.<\/li>\n\n\n\n<li>Develop practices that not only \u201cimprove symptoms\u201d but also optimize quality of life.<\/li>\n<\/ul>\n\n\n\n<p class=\"wp-block-paragraph\">This paradigm shift\u2014from a pathology-centered model to a person-centered one\u2014has the potential to transform not only clinical care, but also training, research, and the institutions themselves.<\/p>\n\n\n\n<p class=\"wp-block-paragraph\">Neurodiversity in medicine is more than just a word: it is an invitation to rethink how we provide care, how we train professionals, and how we design healthcare systems that support human diversity in all its richness.<\/p>\n\n\n\n<p class=\"wp-block-paragraph\">Because inclusion does not mean adapting everyone to a single standard, but rather recognizing that there are many different types of human beings\u2014and that they all deserve respect, consideration, and quality care. And that is my greatest commitment: to offer pediatric care that is aligned with this principle.<\/p>\n\n\n\n<hr class=\"wp-block-separator has-alpha-channel-opacity\"\/>\n\n\n\n<h3 class=\"wp-block-heading\">Based on:<\/h3>\n\n\n\n<p class=\"wp-block-paragraph\">Espina Rodas MC, Acosta Espa\u00f1a JD. Emerging perspectives on neurodiversity: moving toward inclusive practices in the medical field. Rev Latam Psychiatry. 2025;24(1).<\/p>","protected":false},"excerpt":{"rendered":"<p>\u00bfQu\u00e9 es la neurodiversidad? La neurodiversidad es una visi\u00f3n que reconoce que el cerebro humano puede funcionar de maneras diversas, y que estas diferencias son parte natural de la variedad humana \u2014no fallas ni anomal\u00edas que deben \u201carreglarse\u201d. Polo del Conocimiento Este enfoque no niega que algunas personas necesiten apoyos; lo que propone es empezar [&hellip;]<\/p>\n","protected":false},"author":3,"featured_media":1178,"comment_status":"open","ping_status":"open","sticky":false,"template":"","format":"standard","meta":{"footnotes":""},"categories":[21,22,20],"tags":[],"class_list":["post-1176","post","type-post","status-publish","format-standard","has-post-thumbnail","hentry","category-inclusion-en-salud","category-medicina-humana","category-neurodiversidad"],"aioseo_notices":[],"aioseo_head":"\n\t\t<!-- All in One SEO 5.0.1.1 - aioseo.com -->\n\t<meta name=\"description\" content=\"\u00bfQu\u00e9 es la neurodiversidad? La neurodiversidad es una visi\u00f3n que reconoce que el cerebro humano puede funcionar de maneras diversas, y que estas diferencias son parte natural de la variedad humana \u2014no fallas ni anomal\u00edas que deben \u201carreglarse\u201d. Polo del Conocimiento Este enfoque no niega que algunas personas necesiten apoyos; lo que propone es empezar\" \/>\n\t<meta name=\"robots\" content=\"max-image-preview:large\" \/>\n\t<meta name=\"author\" content=\"Catalina Espina\"\/>\n\t<link rel=\"canonical\" href=\"https:\/\/catapediatra.com\/en\/neurodiversidad-en-medicina-como-avanzar-hacia-practicas-verdaderamente-inclusivas\/\" \/>\n\t<meta name=\"generator\" content=\"All in One SEO (AIOSEO) 5.0.1.1\" \/>\n\t\t<meta property=\"og:locale\" content=\"en_US\" \/>\n\t\t<meta property=\"og:site_name\" content=\"Cata Pediatra -\" \/>\n\t\t<meta property=\"og:type\" content=\"article\" \/>\n\t\t<meta property=\"og:title\" content=\"Neurodiversidad en medicina: c\u00f3mo avanzar hacia pr\u00e1cticas verdaderamente inclusivas - Cata Pediatra\" \/>\n\t\t<meta property=\"og:description\" content=\"\u00bfQu\u00e9 es la neurodiversidad? La neurodiversidad es una visi\u00f3n que reconoce que el cerebro humano puede funcionar de maneras diversas, y que estas diferencias son parte natural de la variedad humana \u2014no fallas ni anomal\u00edas que deben \u201carreglarse\u201d. Polo del Conocimiento Este enfoque no niega que algunas personas necesiten apoyos; lo que propone es empezar\" \/>\n\t\t<meta property=\"og:url\" content=\"https:\/\/catapediatra.com\/en\/neurodiversidad-en-medicina-como-avanzar-hacia-practicas-verdaderamente-inclusivas\/\" \/>\n\t\t<meta property=\"og:image\" content=\"https:\/\/catapediatra.com\/wp-content\/uploads\/2025\/12\/cropped-Group-1.png\" \/>\n\t\t<meta property=\"og:image:secure_url\" content=\"https:\/\/catapediatra.com\/wp-content\/uploads\/2025\/12\/cropped-Group-1.png\" \/>\n\t\t<meta property=\"article:published_time\" content=\"2026-01-24T15:05:38+00:00\" \/>\n\t\t<meta property=\"article:modified_time\" content=\"2026-01-29T14:49:10+00:00\" \/>\n\t\t<meta property=\"article:publisher\" content=\"https:\/\/www.facebook.com\/CataEspinaPediatra\" \/>\n\t\t<meta name=\"twitter:card\" content=\"summary_large_image\" \/>\n\t\t<meta name=\"twitter:title\" content=\"Neurodiversidad en medicina: c\u00f3mo avanzar hacia pr\u00e1cticas verdaderamente inclusivas - Cata Pediatra\" \/>\n\t\t<meta name=\"twitter:description\" content=\"\u00bfQu\u00e9 es la neurodiversidad? La neurodiversidad es una visi\u00f3n que reconoce que el cerebro humano puede funcionar de maneras diversas, y que estas diferencias son parte natural de la variedad humana \u2014no fallas ni anomal\u00edas que deben \u201carreglarse\u201d. Polo del Conocimiento Este enfoque no niega que algunas personas necesiten apoyos; lo que propone es empezar\" \/>\n\t\t<meta name=\"twitter:image\" content=\"https:\/\/catapediatra.com\/wp-content\/uploads\/2025\/12\/cropped-Group-1.png\" \/>\n\t\t<script type=\"application\/ld+json\" class=\"aioseo-schema\">\n\t\t\t{\"@context\":\"https:\\\/\\\/schema.org\",\"@graph\":[{\"@type\":\"BlogPosting\",\"@id\":\"https:\\\/\\\/catapediatra.com\\\/en\\\/neurodiversidad-en-medicina-como-avanzar-hacia-practicas-verdaderamente-inclusivas\\\/#blogposting\",\"name\":\"Neurodiversidad en medicina: c\\u00f3mo avanzar hacia pr\\u00e1cticas verdaderamente inclusivas - Cata Pediatra\",\"headline\":\"Neurodiversidad en medicina: c\\u00f3mo avanzar hacia pr\\u00e1cticas verdaderamente inclusivas\",\"author\":{\"@id\":\"https:\\\/\\\/catapediatra.com\\\/en\\\/author\\\/cata\\\/#author\"},\"publisher\":{\"@id\":\"https:\\\/\\\/catapediatra.com\\\/en\\\/#person\"},\"image\":{\"@type\":\"ImageObject\",\"url\":\"https:\\\/\\\/catapediatra.com\\\/wp-content\\\/uploads\\\/2026\\\/01\\\/Neurodiversidad-en-medicina-scaled.webp\",\"width\":2560,\"height\":1707},\"datePublished\":\"2026-01-24T15:05:38+00:00\",\"dateModified\":\"2026-01-29T14:49:10+00:00\",\"inLanguage\":\"en-US\",\"mainEntityOfPage\":{\"@id\":\"https:\\\/\\\/catapediatra.com\\\/en\\\/neurodiversidad-en-medicina-como-avanzar-hacia-practicas-verdaderamente-inclusivas\\\/#webpage\"},\"isPartOf\":{\"@id\":\"https:\\\/\\\/catapediatra.com\\\/en\\\/neurodiversidad-en-medicina-como-avanzar-hacia-practicas-verdaderamente-inclusivas\\\/#webpage\"},\"articleSection\":\"Inclusi\\u00f3n en salud, Medicina humana, Neurodiversidad\"},{\"@type\":\"BreadcrumbList\",\"@id\":\"https:\\\/\\\/catapediatra.com\\\/en\\\/neurodiversidad-en-medicina-como-avanzar-hacia-practicas-verdaderamente-inclusivas\\\/#breadcrumblist\",\"itemListElement\":[{\"@type\":\"ListItem\",\"@id\":\"https:\\\/\\\/catapediatra.com\\\/en#listItem\",\"position\":1,\"name\":\"Home\",\"item\":\"https:\\\/\\\/catapediatra.com\\\/en\",\"nextItem\":{\"@type\":\"ListItem\",\"@id\":\"https:\\\/\\\/catapediatra.com\\\/en\\\/category\\\/neurodiversidad\\\/#listItem\",\"name\":\"Neurodiversidad\"}},{\"@type\":\"ListItem\",\"@id\":\"https:\\\/\\\/catapediatra.com\\\/en\\\/category\\\/neurodiversidad\\\/#listItem\",\"position\":2,\"name\":\"Neurodiversidad\",\"item\":\"https:\\\/\\\/catapediatra.com\\\/en\\\/category\\\/neurodiversidad\\\/\",\"nextItem\":{\"@type\":\"ListItem\",\"@id\":\"https:\\\/\\\/catapediatra.com\\\/en\\\/neurodiversidad-en-medicina-como-avanzar-hacia-practicas-verdaderamente-inclusivas\\\/#listItem\",\"name\":\"Neurodiversidad en medicina: c\\u00f3mo avanzar hacia pr\\u00e1cticas verdaderamente inclusivas\"},\"previousItem\":{\"@type\":\"ListItem\",\"@id\":\"https:\\\/\\\/catapediatra.com\\\/en#listItem\",\"name\":\"Home\"}},{\"@type\":\"ListItem\",\"@id\":\"https:\\\/\\\/catapediatra.com\\\/en\\\/neurodiversidad-en-medicina-como-avanzar-hacia-practicas-verdaderamente-inclusivas\\\/#listItem\",\"position\":3,\"name\":\"Neurodiversidad en medicina: c\\u00f3mo avanzar hacia pr\\u00e1cticas verdaderamente inclusivas\",\"previousItem\":{\"@type\":\"ListItem\",\"@id\":\"https:\\\/\\\/catapediatra.com\\\/en\\\/category\\\/neurodiversidad\\\/#listItem\",\"name\":\"Neurodiversidad\"}}]},{\"@type\":\"Person\",\"@id\":\"https:\\\/\\\/catapediatra.com\\\/en\\\/author\\\/cata\\\/#author\",\"url\":\"https:\\\/\\\/catapediatra.com\\\/en\\\/author\\\/cata\\\/\",\"name\":\"Catalina Espina\",\"image\":{\"@type\":\"ImageObject\",\"@id\":\"https:\\\/\\\/catapediatra.com\\\/en\\\/neurodiversidad-en-medicina-como-avanzar-hacia-practicas-verdaderamente-inclusivas\\\/#authorImage\",\"url\":\"https:\\\/\\\/secure.gravatar.com\\\/avatar\\\/ef63acfd278213d552167d2f583817ae48eeaa49b2316ad512e1c2fe23b4c7c1?s=96&d=mm&r=g\",\"width\":96,\"height\":96,\"caption\":\"Catalina Espina\"}},{\"@type\":\"WebPage\",\"@id\":\"https:\\\/\\\/catapediatra.com\\\/en\\\/neurodiversidad-en-medicina-como-avanzar-hacia-practicas-verdaderamente-inclusivas\\\/#webpage\",\"url\":\"https:\\\/\\\/catapediatra.com\\\/en\\\/neurodiversidad-en-medicina-como-avanzar-hacia-practicas-verdaderamente-inclusivas\\\/\",\"name\":\"Neurodiversidad en medicina: c\\u00f3mo avanzar hacia pr\\u00e1cticas verdaderamente inclusivas - Cata Pediatra\",\"description\":\"\\u00bfQu\\u00e9 es la neurodiversidad? La neurodiversidad es una visi\\u00f3n que reconoce que el cerebro humano puede funcionar de maneras diversas, y que estas diferencias son parte natural de la variedad humana \\u2014no fallas ni anomal\\u00edas que deben \\u201carreglarse\\u201d. Polo del Conocimiento Este enfoque no niega que algunas personas necesiten apoyos; lo que propone es empezar\",\"inLanguage\":\"en-US\",\"isPartOf\":{\"@id\":\"https:\\\/\\\/catapediatra.com\\\/en\\\/#website\"},\"breadcrumb\":{\"@id\":\"https:\\\/\\\/catapediatra.com\\\/en\\\/neurodiversidad-en-medicina-como-avanzar-hacia-practicas-verdaderamente-inclusivas\\\/#breadcrumblist\"},\"author\":{\"@id\":\"https:\\\/\\\/catapediatra.com\\\/en\\\/author\\\/cata\\\/#author\"},\"creator\":{\"@id\":\"https:\\\/\\\/catapediatra.com\\\/en\\\/author\\\/cata\\\/#author\"},\"image\":{\"@type\":\"ImageObject\",\"url\":\"https:\\\/\\\/catapediatra.com\\\/wp-content\\\/uploads\\\/2026\\\/01\\\/Neurodiversidad-en-medicina-scaled.webp\",\"@id\":\"https:\\\/\\\/catapediatra.com\\\/en\\\/neurodiversidad-en-medicina-como-avanzar-hacia-practicas-verdaderamente-inclusivas\\\/#mainImage\",\"width\":2560,\"height\":1707},\"primaryImageOfPage\":{\"@id\":\"https:\\\/\\\/catapediatra.com\\\/en\\\/neurodiversidad-en-medicina-como-avanzar-hacia-practicas-verdaderamente-inclusivas\\\/#mainImage\"},\"datePublished\":\"2026-01-24T15:05:38+00:00\",\"dateModified\":\"2026-01-29T14:49:10+00:00\"},{\"@type\":\"WebSite\",\"@id\":\"https:\\\/\\\/catapediatra.com\\\/en\\\/#website\",\"url\":\"https:\\\/\\\/catapediatra.com\\\/en\\\/\",\"name\":\"Cata Pediatra\",\"inLanguage\":\"en-US\",\"publisher\":{\"@id\":\"https:\\\/\\\/catapediatra.com\\\/en\\\/#person\"}}]}\n\t\t<\/script>\n\t\t<!-- All in One SEO -->\n\n","aioseo_head_json":{"title":"Neurodiversidad en medicina: c\u00f3mo avanzar hacia pr\u00e1cticas verdaderamente inclusivas - Cata Pediatra","description":"\u00bfQu\u00e9 es la neurodiversidad? La neurodiversidad es una visi\u00f3n que reconoce que el cerebro humano puede funcionar de maneras diversas, y que estas diferencias son parte natural de la variedad humana \u2014no fallas ni anomal\u00edas que deben \u201carreglarse\u201d. Polo del Conocimiento Este enfoque no niega que algunas personas necesiten apoyos; lo que propone es empezar","canonical_url":"https:\/\/catapediatra.com\/en\/neurodiversidad-en-medicina-como-avanzar-hacia-practicas-verdaderamente-inclusivas\/","robots":"max-image-preview:large","keywords":"","webmasterTools":{"miscellaneous":""},"schema":{"@context":"https:\/\/schema.org","@graph":[{"@type":"BlogPosting","@id":"https:\/\/catapediatra.com\/en\/neurodiversidad-en-medicina-como-avanzar-hacia-practicas-verdaderamente-inclusivas\/#blogposting","name":"Neurodiversidad en medicina: c\u00f3mo avanzar hacia pr\u00e1cticas verdaderamente inclusivas - Cata Pediatra","headline":"Neurodiversidad en medicina: c\u00f3mo avanzar hacia pr\u00e1cticas verdaderamente inclusivas","author":{"@id":"https:\/\/catapediatra.com\/en\/author\/cata\/#author"},"publisher":{"@id":"https:\/\/catapediatra.com\/en\/#person"},"image":{"@type":"ImageObject","url":"https:\/\/catapediatra.com\/wp-content\/uploads\/2026\/01\/Neurodiversidad-en-medicina-scaled.webp","width":2560,"height":1707},"datePublished":"2026-01-24T15:05:38+00:00","dateModified":"2026-01-29T14:49:10+00:00","inLanguage":"en-US","mainEntityOfPage":{"@id":"https:\/\/catapediatra.com\/en\/neurodiversidad-en-medicina-como-avanzar-hacia-practicas-verdaderamente-inclusivas\/#webpage"},"isPartOf":{"@id":"https:\/\/catapediatra.com\/en\/neurodiversidad-en-medicina-como-avanzar-hacia-practicas-verdaderamente-inclusivas\/#webpage"},"articleSection":"Inclusi\u00f3n en salud, Medicina humana, Neurodiversidad"},{"@type":"BreadcrumbList","@id":"https:\/\/catapediatra.com\/en\/neurodiversidad-en-medicina-como-avanzar-hacia-practicas-verdaderamente-inclusivas\/#breadcrumblist","itemListElement":[{"@type":"ListItem","@id":"https:\/\/catapediatra.com\/en#listItem","position":1,"name":"Home","item":"https:\/\/catapediatra.com\/en","nextItem":{"@type":"ListItem","@id":"https:\/\/catapediatra.com\/en\/category\/neurodiversidad\/#listItem","name":"Neurodiversidad"}},{"@type":"ListItem","@id":"https:\/\/catapediatra.com\/en\/category\/neurodiversidad\/#listItem","position":2,"name":"Neurodiversidad","item":"https:\/\/catapediatra.com\/en\/category\/neurodiversidad\/","nextItem":{"@type":"ListItem","@id":"https:\/\/catapediatra.com\/en\/neurodiversidad-en-medicina-como-avanzar-hacia-practicas-verdaderamente-inclusivas\/#listItem","name":"Neurodiversidad en medicina: c\u00f3mo avanzar hacia pr\u00e1cticas verdaderamente inclusivas"},"previousItem":{"@type":"ListItem","@id":"https:\/\/catapediatra.com\/en#listItem","name":"Home"}},{"@type":"ListItem","@id":"https:\/\/catapediatra.com\/en\/neurodiversidad-en-medicina-como-avanzar-hacia-practicas-verdaderamente-inclusivas\/#listItem","position":3,"name":"Neurodiversidad en medicina: c\u00f3mo avanzar hacia pr\u00e1cticas verdaderamente inclusivas","previousItem":{"@type":"ListItem","@id":"https:\/\/catapediatra.com\/en\/category\/neurodiversidad\/#listItem","name":"Neurodiversidad"}}]},{"@type":"Person","@id":"https:\/\/catapediatra.com\/en\/author\/cata\/#author","url":"https:\/\/catapediatra.com\/en\/author\/cata\/","name":"Catalina Espina","image":{"@type":"ImageObject","@id":"https:\/\/catapediatra.com\/en\/neurodiversidad-en-medicina-como-avanzar-hacia-practicas-verdaderamente-inclusivas\/#authorImage","url":"https:\/\/secure.gravatar.com\/avatar\/ef63acfd278213d552167d2f583817ae48eeaa49b2316ad512e1c2fe23b4c7c1?s=96&d=mm&r=g","width":96,"height":96,"caption":"Catalina Espina"}},{"@type":"WebPage","@id":"https:\/\/catapediatra.com\/en\/neurodiversidad-en-medicina-como-avanzar-hacia-practicas-verdaderamente-inclusivas\/#webpage","url":"https:\/\/catapediatra.com\/en\/neurodiversidad-en-medicina-como-avanzar-hacia-practicas-verdaderamente-inclusivas\/","name":"Neurodiversidad en medicina: c\u00f3mo avanzar hacia pr\u00e1cticas verdaderamente inclusivas - Cata Pediatra","description":"\u00bfQu\u00e9 es la neurodiversidad? La neurodiversidad es una visi\u00f3n que reconoce que el cerebro humano puede funcionar de maneras diversas, y que estas diferencias son parte natural de la variedad humana \u2014no fallas ni anomal\u00edas que deben \u201carreglarse\u201d. Polo del Conocimiento Este enfoque no niega que algunas personas necesiten apoyos; lo que propone es empezar","inLanguage":"en-US","isPartOf":{"@id":"https:\/\/catapediatra.com\/en\/#website"},"breadcrumb":{"@id":"https:\/\/catapediatra.com\/en\/neurodiversidad-en-medicina-como-avanzar-hacia-practicas-verdaderamente-inclusivas\/#breadcrumblist"},"author":{"@id":"https:\/\/catapediatra.com\/en\/author\/cata\/#author"},"creator":{"@id":"https:\/\/catapediatra.com\/en\/author\/cata\/#author"},"image":{"@type":"ImageObject","url":"https:\/\/catapediatra.com\/wp-content\/uploads\/2026\/01\/Neurodiversidad-en-medicina-scaled.webp","@id":"https:\/\/catapediatra.com\/en\/neurodiversidad-en-medicina-como-avanzar-hacia-practicas-verdaderamente-inclusivas\/#mainImage","width":2560,"height":1707},"primaryImageOfPage":{"@id":"https:\/\/catapediatra.com\/en\/neurodiversidad-en-medicina-como-avanzar-hacia-practicas-verdaderamente-inclusivas\/#mainImage"},"datePublished":"2026-01-24T15:05:38+00:00","dateModified":"2026-01-29T14:49:10+00:00"},{"@type":"WebSite","@id":"https:\/\/catapediatra.com\/en\/#website","url":"https:\/\/catapediatra.com\/en\/","name":"Cata Pediatra","inLanguage":"en-US","publisher":{"@id":"https:\/\/catapediatra.com\/en\/#person"}}]},"og:locale":"en_US","og:site_name":"Cata Pediatra -","og:type":"article","og:title":"Neurodiversidad en medicina: c\u00f3mo avanzar hacia pr\u00e1cticas verdaderamente inclusivas - Cata Pediatra","og:description":"\u00bfQu\u00e9 es la neurodiversidad? La neurodiversidad es una visi\u00f3n que reconoce que el cerebro humano puede funcionar de maneras diversas, y que estas diferencias son parte natural de la variedad humana \u2014no fallas ni anomal\u00edas que deben \u201carreglarse\u201d. Polo del Conocimiento Este enfoque no niega que algunas personas necesiten apoyos; lo que propone es empezar","og:url":"https:\/\/catapediatra.com\/en\/neurodiversidad-en-medicina-como-avanzar-hacia-practicas-verdaderamente-inclusivas\/","og:image":"https:\/\/catapediatra.com\/wp-content\/uploads\/2025\/12\/cropped-Group-1.png","og:image:secure_url":"https:\/\/catapediatra.com\/wp-content\/uploads\/2025\/12\/cropped-Group-1.png","article:published_time":"2026-01-24T15:05:38+00:00","article:modified_time":"2026-01-29T14:49:10+00:00","article:publisher":"https:\/\/www.facebook.com\/CataEspinaPediatra","twitter:card":"summary_large_image","twitter:title":"Neurodiversidad en medicina: c\u00f3mo avanzar hacia pr\u00e1cticas verdaderamente inclusivas - Cata Pediatra","twitter:description":"\u00bfQu\u00e9 es la neurodiversidad? La neurodiversidad es una visi\u00f3n que reconoce que el cerebro humano puede funcionar de maneras diversas, y que estas diferencias son parte natural de la variedad humana \u2014no fallas ni anomal\u00edas que deben \u201carreglarse\u201d. Polo del Conocimiento Este enfoque no niega que algunas personas necesiten apoyos; lo que propone es empezar","twitter:image":"https:\/\/catapediatra.com\/wp-content\/uploads\/2025\/12\/cropped-Group-1.png"},"aioseo_meta_data":{"post_id":"1176","title":"#post_title #separator_sa #site_title","description":"#post_excerpt","keywords":null,"keyphrases":{"focus":{"keyphrase":"","score":0,"analysis":{"keyphraseInTitle":{"score":0,"maxScore":9,"error":1}}},"additional":[]},"primary_term":null,"canonical_url":null,"og_title":null,"og_description":null,"og_object_type":"default","og_image_type":"default","og_image_url":null,"og_image_width":null,"og_image_height":null,"og_image_custom_url":null,"og_image_custom_fields":null,"og_video":"","og_custom_url":null,"og_article_section":null,"og_article_tags":null,"twitter_use_og":false,"twitter_card":"default","twitter_image_type":"default","twitter_image_url":null,"twitter_image_custom_url":null,"twitter_image_custom_fields":null,"twitter_title":null,"twitter_description":null,"schema":{"blockGraphs":[],"customGraphs":[],"default":{"data":{"Article":[],"Course":[],"Dataset":[],"FAQPage":[],"Movie":[],"Person":[],"Product":[],"ProductReview":[],"Car":[],"Recipe":[],"Service":[],"SoftwareApplication":[],"WebPage":[]},"graphName":"BlogPosting","isEnabled":true},"graphs":[]},"schema_type":"default","schema_type_options":null,"pillar_content":false,"robots_default":true,"robots_noindex":false,"robots_noarchive":false,"robots_nosnippet":false,"robots_nofollow":false,"robots_noimageindex":false,"robots_noodp":false,"robots_notranslate":false,"robots_max_snippet":"-1","robots_max_videopreview":"-1","robots_max_imagepreview":"large","priority":null,"frequency":"default","local_seo":null,"breadcrumb_settings":null,"limit_modified_date":false,"ai":{"faqs":[],"keyPoints":[],"titles":[],"descriptions":[],"socialPosts":{"email":[],"linkedin":[],"twitter":[],"facebook":[],"instagram":[]}},"created":"2026-01-24 15:05:39","updated":"2026-01-29 14:55:26","seo_analyzer_scan_date":null,"focus_keyword":null,"additional_keywords":null,"truseo_locale":null},"aioseo_breadcrumb":"<div class=\"aioseo-breadcrumbs\"><span class=\"aioseo-breadcrumb\">\n\t\t\t<a href=\"https:\/\/catapediatra.com\/en\" title=\"Home\">Home<\/a>\n\t\t<\/span><span class=\"aioseo-breadcrumb-separator\">&raquo;<\/span><span class=\"aioseo-breadcrumb\">\n\t\t\t<a href=\"https:\/\/catapediatra.com\/en\/category\/neurodiversidad\/\" title=\"Neurodiversidad\">Neurodiversidad<\/a>\n\t\t<\/span><span class=\"aioseo-breadcrumb-separator\">&raquo;<\/span><span class=\"aioseo-breadcrumb\">\n\t\t\tNeurodiversidad en medicina: c\u00f3mo avanzar hacia pr\u00e1cticas verdaderamente inclusivas\n\t\t<\/span><\/div>","aioseo_breadcrumb_json":[{"label":"Home","link":"https:\/\/catapediatra.com\/en"},{"label":"Neurodiversidad","link":"https:\/\/catapediatra.com\/en\/category\/neurodiversidad\/"},{"label":"Neurodiversidad en medicina: c\u00f3mo avanzar hacia pr\u00e1cticas verdaderamente inclusivas","link":"https:\/\/catapediatra.com\/en\/neurodiversidad-en-medicina-como-avanzar-hacia-practicas-verdaderamente-inclusivas\/"}],"_links":{"self":[{"href":"https:\/\/catapediatra.com\/en\/wp-json\/wp\/v2\/posts\/1176","targetHints":{"allow":["GET"]}}],"collection":[{"href":"https:\/\/catapediatra.com\/en\/wp-json\/wp\/v2\/posts"}],"about":[{"href":"https:\/\/catapediatra.com\/en\/wp-json\/wp\/v2\/types\/post"}],"author":[{"embeddable":true,"href":"https:\/\/catapediatra.com\/en\/wp-json\/wp\/v2\/users\/3"}],"replies":[{"embeddable":true,"href":"https:\/\/catapediatra.com\/en\/wp-json\/wp\/v2\/comments?post=1176"}],"version-history":[{"count":3,"href":"https:\/\/catapediatra.com\/en\/wp-json\/wp\/v2\/posts\/1176\/revisions"}],"predecessor-version":[{"id":1870,"href":"https:\/\/catapediatra.com\/en\/wp-json\/wp\/v2\/posts\/1176\/revisions\/1870"}],"wp:featuredmedia":[{"embeddable":true,"href":"https:\/\/catapediatra.com\/en\/wp-json\/wp\/v2\/media\/1178"}],"wp:attachment":[{"href":"https:\/\/catapediatra.com\/en\/wp-json\/wp\/v2\/media?parent=1176"}],"wp:term":[{"taxonomy":"category","embeddable":true,"href":"https:\/\/catapediatra.com\/en\/wp-json\/wp\/v2\/categories?post=1176"},{"taxonomy":"post_tag","embeddable":true,"href":"https:\/\/catapediatra.com\/en\/wp-json\/wp\/v2\/tags?post=1176"}],"curies":[{"name":"wp","href":"https:\/\/api.w.org\/{rel}","templated":true}]}}